{"id":2085,"date":"2026-08-27T09:00:00","date_gmt":"2026-08-27T12:00:00","guid":{"rendered":"https:\/\/faaftech.com\/blog\/?p=2085"},"modified":"2026-08-26T09:53:17","modified_gmt":"2026-08-26T12:53:17","slug":"central-multimidia-para-polo","status":"publish","type":"post","link":"https:\/\/faaftech.com\/blog\/central-multimidia-para-polo\/","title":{"rendered":"Como deixar seu Polo mais tecnol\u00f3gico sem trocar de carro"},"content":{"rendered":"\n<p>O Volkswagen Polo \u00e9 um modelo que se destaca pelo equil\u00edbrio entre desempenho, conforto e dirigibilidade. No entanto, \u00e0 medida que a tecnologia evolui, cresce tamb\u00e9m o desejo de contar com um carro cada vez mais conectado. E \u00e9 por isso que a central multim\u00eddia para Polo vem se tornando um dos acess\u00f3rios mais procurados em lojas especializadas.&nbsp;<\/p>\n\n\n\n<p>Embora algumas vers\u00f5es j\u00e1 ofere\u00e7am bons recursos de conectividade, muitos modelos de entrada ou de anos anteriores n\u00e3o contam com funcionalidades que hoje fazem diferen\u00e7a no dia a dia, como acesso facilitado \u00e0 navega\u00e7\u00e3o por aplicativos, integra\u00e7\u00e3o completa com smartphones, comandos por voz e uma experi\u00eancia multim\u00eddia mais intuitiva.<\/p>\n\n\n\n<p>Mas n\u00e3o \u00e9 preciso trocar de carro para ter acesso a essas tecnologias. Com uma central multim\u00eddia desenvolvida especificamente para o Polo, \u00e9 poss\u00edvel transformar a experi\u00eancia ao volante, agregando <strong>praticidade, entretenimento e conectividade <\/strong>sem abrir m\u00e3o da originalidade do ve\u00edculo.<\/p>\n\n\n\n<p>Neste artigo, voc\u00ea vai descobrir como esse upgrade pode tornar o seu Polo ainda mais completo e por que ele \u00e9 considerado um dos investimentos com melhor custo-benef\u00edcio para quem deseja um carro alinhado \u00e0s tecnologias atuais.<\/p>\n\n\n\n<h2 class=\"wp-block-heading\">Por que a central multim\u00eddia para Polo tem sido t\u00e3o procurada?<\/h2>\n\n\n\n<p>H\u00e1 alguns anos, itens como tela multim\u00eddia, navega\u00e7\u00e3o inteligente e integra\u00e7\u00e3o com smartphones eram vistos como diferenciais presentes apenas nos ve\u00edculos mais sofisticados. Hoje, essa realidade mudou.&nbsp;<\/p>\n\n\n\n<p>A <strong>conectividade passou a fazer parte da rotina das pessoas<\/strong>, e a expectativa \u00e9 de que o carro acompanhe essa evolu\u00e7\u00e3o, oferecendo a mesma praticidade que j\u00e1 encontramos em nossos celulares, tablets e outros dispositivos.<\/p>\n\n\n\n<p>\u00c9 por isso que a central multim\u00eddia para Polo se tornou um dos upgrades mais procurados por quem deseja modernizar o ve\u00edculo. Mais do que adicionar uma nova tela ao painel, ela transforma a forma como o motorista interage com o carro, tornando cada deslocamento mais pr\u00e1tico, confort\u00e1vel e conectado.<\/p>\n\n\n\n<p>Essa mudan\u00e7a tamb\u00e9m est\u00e1 relacionada ao perfil do propriet\u00e1rio do Polo. Em geral, trata-se de um<strong> motorista que valoriza tecnologia, boa dirigibilidade e solu\u00e7\u00f5es que facilitem o dia a dia<\/strong>.&nbsp;<\/p>\n\n\n\n<p>Quando o ve\u00edculo passa a oferecer acesso r\u00e1pido a aplicativos de navega\u00e7\u00e3o, m\u00fasica, chamadas e outras fun\u00e7\u00f5es inteligentes, a experi\u00eancia ao volante se torna muito mais completa.<\/p>\n\n\n\n<p>Outro fator que explica essa tend\u00eancia \u00e9 o <strong>excelente custo-benef\u00edcio <\/strong>desse tipo de acess\u00f3rio. Em vez de investir na troca do ve\u00edculo apenas para ter acesso a recursos tecnol\u00f3gicos mais modernos, muitos propriet\u00e1rios preferem equipar o carro que j\u00e1 possuem com uma solu\u00e7\u00e3o capaz de ampliar significativamente suas funcionalidades.<\/p>\n\n\n\n<p>Al\u00e9m disso, quando a central multim\u00eddia para Polo \u00e9 desenvolvida especificamente para o modelo, ela se integra ao painel de forma harmoniosa, preservando a identidade visual do interior e oferecendo um acabamento que conversa com o projeto original do ve\u00edculo.&nbsp;<\/p>\n\n\n\n<h2 class=\"wp-block-heading\">O que muda no dia a dia com uma central multim\u00eddia moderna?<\/h2>\n\n\n\n<p>A principal vantagem de instalar uma central multim\u00eddia para Polo \u00e9 perceber que <strong>a tecnologia deixa de ser um diferencial e passa a fazer parte da rotina<\/strong>.&nbsp;<\/p>\n\n\n\n<p>Desde o momento em que o motorista entra no carro, diversas fun\u00e7\u00f5es ficam mais acess\u00edveis, tornando cada trajeto mais pr\u00e1tico, confort\u00e1vel e conectado. Veja algumas das funcionalidades que mais transformam a experi\u00eancia de uso.<\/p>\n\n\n\n<h3 class=\"wp-block-heading\">Navega\u00e7\u00e3o sempre atualizada<\/h3>\n\n\n\n<p>Quem dirige diariamente sabe que o tr\u00e2nsito pode mudar de um momento para outro. Com aplicativos como Google Maps e Waze, \u00e9 poss\u00edvel <strong>consultar rotas em tempo real<\/strong>, receber alertas sobre congestionamentos, acidentes e obras, al\u00e9m de encontrar caminhos alternativos com poucos toques na tela, o que torna os deslocamentos mais eficientes e ajuda a economizar tempo.<\/p>\n\n\n\n<h3 class=\"wp-block-heading\">M\u00fasica e entretenimento ao alcance das m\u00e3os<\/h3>\n\n\n\n<p>Uma viagem ou mesmo um percurso curto pela cidade se tornam muito mais agrad\u00e1veis quando voc\u00ea pode acessar facilmente suas playlists favoritas.&nbsp;<\/p>\n\n\n\n<p>Com uma central multim\u00eddia Android, <strong>aplicativos como Spotify e YouTube<\/strong> ficam dispon\u00edveis diretamente na tela do ve\u00edculo, permitindo ouvir m\u00fasicas, podcasts e outros conte\u00fados de forma muito mais pr\u00e1tica.<\/p>\n\n\n\n<h3 class=\"wp-block-heading\">Chamadas em viva-voz com mais seguran\u00e7a<\/h3>\n\n\n\n<p>Atender uma liga\u00e7\u00e3o enquanto dirige \u00e9 um risco quando \u00e9 necess\u00e1rio manusear o celular. Com a integra\u00e7\u00e3o da central multim\u00eddia, as<strong> chamadas em viva-voz acontecem de forma muito mais segura e conveniente<\/strong>, permitindo que o motorista mantenha a aten\u00e7\u00e3o na estrada sem deixar de se comunicar quando necess\u00e1rio.<\/p>\n\n\n\n<h3 class=\"wp-block-heading\">Android Auto e Apple CarPlay<\/h3>\n\n\n\n<p>Outro grande diferencial \u00e9 a integra\u00e7\u00e3o com smartphones por meio do Android Auto e do Apple CarPlay. Esses recursos permitem <strong>acessar aplicativos compat\u00edveis<\/strong>, visualizar informa\u00e7\u00f5es importantes na tela da central e utilizar diversas fun\u00e7\u00f5es do celular de maneira muito mais organizada e intuitiva, sem precisar desviar a aten\u00e7\u00e3o da condu\u00e7\u00e3o.<\/p>\n\n\n\n<h3 class=\"wp-block-heading\">Comandos por voz&nbsp;<\/h3>\n\n\n\n<p>Os comandos por voz complementam essa experi\u00eancia de conectividade. Com eles, \u00e9 poss\u00edvel iniciar uma rota, reproduzir uma m\u00fasica, fazer uma liga\u00e7\u00e3o ou executar outras fun\u00e7\u00f5es utilizando apenas a voz.&nbsp;<\/p>\n\n\n\n<p>Al\u00e9m de oferecer mais conforto, esse recurso contribui para uma condu\u00e7\u00e3o mais segura, <strong>reduzindo a necessidade de interagir manualmente com a tela <\/strong>durante o percurso.<\/p>\n\n\n\n<h2 class=\"wp-block-heading\">Um upgrade que preserva a identidade do Polo<\/h2>\n\n\n\n<p>Ao pensar em instalar uma central multim\u00eddia para Polo, muitos condutores t\u00eam uma preocupa\u00e7\u00e3o em comum:<strong> modernizar o ve\u00edculo sem comprometer sua apar\u00eancia original<\/strong>.&nbsp;<\/p>\n\n\n\n<p>Como um dos grandes diferenciais do Polo \u00e9 justamente o cuidado com o design interno, marcado por um painel com linhas modernas e acabamento bem integrado, essa preocupa\u00e7\u00e3o faz todo o sentido.<\/p>\n\n\n\n<p>Quando a central multim\u00eddia \u00e9 desenvolvida especificamente para o modelo, ela<strong> se adapta ao painel de forma muito mais harmoniosa<\/strong>. O encaixe \u00e9 preciso, o acabamento acompanha o desenho do interior do ve\u00edculo e o resultado transmite a sensa\u00e7\u00e3o de que o equipamento j\u00e1 fazia parte do projeto original do carro, evitando o aspecto de adapta\u00e7\u00f5es improvisadas, comum em solu\u00e7\u00f5es gen\u00e9ricas.<\/p>\n\n\n\n<p>A compatibilidade tamb\u00e9m faz diferen\u00e7a na experi\u00eancia de uso. Al\u00e9m da integra\u00e7\u00e3o f\u00edsica com o painel, uma central pensada especificamente para o Polo pode <strong>trabalhar em conjunto com os recursos originais do ve\u00edculo,<\/strong> como comandos no volante, c\u00e2meras de r\u00e9 e outros acess\u00f3rios compat\u00edveis, proporcionando uma utiliza\u00e7\u00e3o mais pr\u00e1tica e intuitiva.<\/p>\n\n\n\n<p>Outro benef\u00edcio importante \u00e9 a <strong>preserva\u00e7\u00e3o da originalidade do carro durante a instala\u00e7\u00e3o<\/strong>. Equipamentos desenvolvidos para aplica\u00e7\u00f5es espec\u00edficas utilizam conectores compat\u00edveis e sistemas de integra\u00e7\u00e3o que reduzem a necessidade de modifica\u00e7\u00f5es na estrutura el\u00e9trica do ve\u00edculo.&nbsp;<\/p>\n\n\n\n<p>Em outras palavras, escolher uma central multim\u00eddia para Polo compat\u00edvel com o modelo significa incorporar novas tecnologias sem abrir m\u00e3o das caracter\u00edsticas que tornam o ve\u00edculo t\u00e3o apreciado.&nbsp;<\/p>\n\n\n\n<h2 class=\"wp-block-heading\">Vale mais a pena modernizar o Polo do que trocar de carro?<\/h2>\n\n\n\n<p>Para muitos motoristas, o desejo de ter um ve\u00edculo mais tecnol\u00f3gico vem acompanhado da ideia de trocar de carro. No entanto, essa nem sempre \u00e9 a alternativa mais vantajosa.&nbsp;<\/p>\n\n\n\n<p>A central multim\u00eddia para Polo pode oferecer boa parte dos recursos presentes em modelos mais recentes, com um<strong> custo significativamente menor<\/strong>.<\/p>\n\n\n\n<p>Al\u00e9m da economia, esse upgrade permite aproveitar ao m\u00e1ximo o carro que voc\u00ea j\u00e1 conhece e no qual voc\u00ea confia. Em vez de assumir os custos envolvidos na troca do autom\u00f3vel, como financiamento, documenta\u00e7\u00e3o e desvaloriza\u00e7\u00e3o, \u00e9 poss\u00edvel <strong>modernizar o ve\u00edculo atual e desfrutar de uma experi\u00eancia muito mais conectada<\/strong>.<\/p>\n\n\n\n<p>Outro ponto importante \u00e9 a <strong>valoriza\u00e7\u00e3o percebida do carro<\/strong>. Um ve\u00edculo equipado com uma central multim\u00eddia moderna, compat\u00edvel com o modelo e integrada ao painel transmite uma sensa\u00e7\u00e3o de maior sofistica\u00e7\u00e3o e cuidado, tornando o uso di\u00e1rio mais agrad\u00e1vel e contribuindo para uma melhor impress\u00e3o do interior do autom\u00f3vel.<\/p>\n\n\n\n<p>Enfim, investir em uma central multim\u00eddia para Polo \u00e9 uma maneira pr\u00e1tica de aproximar o ve\u00edculo das necessidades da rotina contempor\u00e2nea, sem abrir m\u00e3o do conforto, da est\u00e9tica e da originalidade.<\/p>\n\n\n\n<p>Se voc\u00ea deseja modernizar o seu carro sem precisar investir em um novo modelo, conhe\u00e7a a central multim\u00eddia para Polo desenvolvida pela Faaftech. Com tecnologia de ponta, excelente acabamento e total compatibilidade, voc\u00ea pode aproveitar tudo o que a conectividade tem a oferecer e tornar o seu Polo ainda mais completo. <a href=\"https:\/\/www.faaftech.com\/produtos\/audio_e_video\/ft-mm-cm7\">Clique aqui para saber mais<\/a>.<\/p>\n","protected":false},"excerpt":{"rendered":"<p>O Volkswagen Polo \u00e9 um modelo que se destaca pelo equil\u00edbrio entre desempenho, conforto e dirigibilidade. No entanto, \u00e0 medida que a tecnologia evolui, cresce tamb\u00e9m o desejo de contar com um carro cada vez mais conectado. E \u00e9 por isso que a central multim\u00eddia para Polo vem se tornando um dos acess\u00f3rios mais procurados [&hellip;]<\/p>\n","protected":false},"author":5,"featured_media":2086,"comment_status":"open","ping_status":"open","sticky":false,"template":"","format":"standard","meta":{"footnotes":""},"categories":[71],"tags":[],"yoast_head":"<!-- This site is optimized with the Yoast SEO plugin v22.6 - https:\/\/yoast.com\/wordpress\/plugins\/seo\/ -->\n<title>Central multim\u00eddia para Polo: mais tecnologia para o seu VW<\/title>\n<meta name=\"description\" content=\"A principal vantagem de instalar uma central multim\u00eddia para Polo \u00e9 perceber que a tecnologia passa a fazer parte da sua rotina.\" \/>\n<meta name=\"robots\" content=\"index, follow, max-snippet:-1, max-image-preview:large, max-video-preview:-1\" \/>\n<link rel=\"canonical\" href=\"https:\/\/faaftech.com\/blog\/central-multimidia-para-polo\/\" \/>\n<meta property=\"og:locale\" content=\"pt_BR\" \/>\n<meta property=\"og:type\" content=\"article\" \/>\n<meta property=\"og:title\" content=\"Central multim\u00eddia para Polo: mais tecnologia para o seu VW\" \/>\n<meta property=\"og:description\" content=\"A principal vantagem de instalar uma central multim\u00eddia para Polo \u00e9 perceber que a tecnologia passa a fazer parte da sua rotina.\" \/>\n<meta property=\"og:url\" content=\"https:\/\/faaftech.com\/blog\/central-multimidia-para-polo\/\" \/>\n<meta property=\"og:site_name\" content=\"faaftech.com\" \/>\n<meta property=\"article:publisher\" content=\"https:\/\/www.facebook.com\/faaftech\" \/>\n<meta property=\"article:published_time\" content=\"2026-08-27T12:00:00+00:00\" \/>\n<meta property=\"article:modified_time\" content=\"2026-08-26T12:53:17+00:00\" \/>\n<meta property=\"og:image\" content=\"https:\/\/faaftech.com\/blog\/wp-content\/uploads\/2026\/08\/central-multimidia-para-Polo.jpg\" \/>\n\t<meta property=\"og:image:width\" content=\"1280\" \/>\n\t<meta property=\"og:image:height\" content=\"720\" \/>\n\t<meta property=\"og:image:type\" content=\"image\/jpeg\" \/>\n<meta name=\"author\" content=\"Amanda Cadinelli\" \/>\n<meta name=\"twitter:card\" content=\"summary_large_image\" \/>\n<meta name=\"twitter:label1\" content=\"Escrito por\" \/>\n\t<meta name=\"twitter:data1\" content=\"Amanda Cadinelli\" \/>\n\t<meta name=\"twitter:label2\" content=\"Est. tempo de leitura\" \/>\n\t<meta name=\"twitter:data2\" content=\"8 minutos\" \/>\n<script type=\"application\/ld+json\" class=\"yoast-schema-graph\">{\"@context\":\"https:\/\/schema.org\",\"@graph\":[{\"@type\":\"Article\",\"@id\":\"https:\/\/faaftech.com\/blog\/central-multimidia-para-polo\/#article\",\"isPartOf\":{\"@id\":\"https:\/\/faaftech.com\/blog\/central-multimidia-para-polo\/\"},\"author\":{\"name\":\"Amanda Cadinelli\",\"@id\":\"https:\/\/faaftech.com\/blog\/#\/schema\/person\/31fe7ca931c458d2124c67856d077bb8\"},\"headline\":\"Como deixar seu Polo mais tecnol\u00f3gico sem trocar de carro\",\"datePublished\":\"2026-08-27T12:00:00+00:00\",\"dateModified\":\"2026-08-26T12:53:17+00:00\",\"mainEntityOfPage\":{\"@id\":\"https:\/\/faaftech.com\/blog\/central-multimidia-para-polo\/\"},\"wordCount\":1457,\"commentCount\":0,\"publisher\":{\"@id\":\"https:\/\/faaftech.com\/blog\/#organization\"},\"image\":{\"@id\":\"https:\/\/faaftech.com\/blog\/central-multimidia-para-polo\/#primaryimage\"},\"thumbnailUrl\":\"https:\/\/faaftech.com\/blog\/wp-content\/uploads\/2026\/08\/central-multimidia-para-Polo.jpg\",\"articleSection\":[\"Tecnologia automotiva\"],\"inLanguage\":\"pt-BR\",\"potentialAction\":[{\"@type\":\"CommentAction\",\"name\":\"Comment\",\"target\":[\"https:\/\/faaftech.com\/blog\/central-multimidia-para-polo\/#respond\"]}]},{\"@type\":\"WebPage\",\"@id\":\"https:\/\/faaftech.com\/blog\/central-multimidia-para-polo\/\",\"url\":\"https:\/\/faaftech.com\/blog\/central-multimidia-para-polo\/\",\"name\":\"Central multim\u00eddia para Polo: mais tecnologia para o seu VW\",\"isPartOf\":{\"@id\":\"https:\/\/faaftech.com\/blog\/#website\"},\"primaryImageOfPage\":{\"@id\":\"https:\/\/faaftech.com\/blog\/central-multimidia-para-polo\/#primaryimage\"},\"image\":{\"@id\":\"https:\/\/faaftech.com\/blog\/central-multimidia-para-polo\/#primaryimage\"},\"thumbnailUrl\":\"https:\/\/faaftech.com\/blog\/wp-content\/uploads\/2026\/08\/central-multimidia-para-Polo.jpg\",\"datePublished\":\"2026-08-27T12:00:00+00:00\",\"dateModified\":\"2026-08-26T12:53:17+00:00\",\"description\":\"A principal vantagem de instalar uma central multim\u00eddia para Polo \u00e9 perceber que a tecnologia passa a fazer parte da sua rotina.\",\"breadcrumb\":{\"@id\":\"https:\/\/faaftech.com\/blog\/central-multimidia-para-polo\/#breadcrumb\"},\"inLanguage\":\"pt-BR\",\"potentialAction\":[{\"@type\":\"ReadAction\",\"target\":[\"https:\/\/faaftech.com\/blog\/central-multimidia-para-polo\/\"]}]},{\"@type\":\"ImageObject\",\"inLanguage\":\"pt-BR\",\"@id\":\"https:\/\/faaftech.com\/blog\/central-multimidia-para-polo\/#primaryimage\",\"url\":\"https:\/\/faaftech.com\/blog\/wp-content\/uploads\/2026\/08\/central-multimidia-para-Polo.jpg\",\"contentUrl\":\"https:\/\/faaftech.com\/blog\/wp-content\/uploads\/2026\/08\/central-multimidia-para-Polo.jpg\",\"width\":1280,\"height\":720,\"caption\":\"central multim\u00eddia para Polo\"},{\"@type\":\"BreadcrumbList\",\"@id\":\"https:\/\/faaftech.com\/blog\/central-multimidia-para-polo\/#breadcrumb\",\"itemListElement\":[{\"@type\":\"ListItem\",\"position\":1,\"name\":\"In\u00edcio\",\"item\":\"https:\/\/faaftech.com\/blog\/\"},{\"@type\":\"ListItem\",\"position\":2,\"name\":\"Como deixar seu Polo mais tecnol\u00f3gico sem trocar de carro\"}]},{\"@type\":\"WebSite\",\"@id\":\"https:\/\/faaftech.com\/blog\/#website\",\"url\":\"https:\/\/faaftech.com\/blog\/\",\"name\":\"Faaftech\",\"description\":\"Solu\u00e7\u00f5es Automotivas Inteligentes\",\"publisher\":{\"@id\":\"https:\/\/faaftech.com\/blog\/#organization\"},\"potentialAction\":[{\"@type\":\"SearchAction\",\"target\":{\"@type\":\"EntryPoint\",\"urlTemplate\":\"https:\/\/faaftech.com\/blog\/?s={search_term_string}\"},\"query-input\":\"required name=search_term_string\"}],\"inLanguage\":\"pt-BR\"},{\"@type\":\"Organization\",\"@id\":\"https:\/\/faaftech.com\/blog\/#organization\",\"name\":\"Faaftech\",\"url\":\"https:\/\/faaftech.com\/blog\/\",\"logo\":{\"@type\":\"ImageObject\",\"inLanguage\":\"pt-BR\",\"@id\":\"https:\/\/faaftech.com\/blog\/#\/schema\/logo\/image\/\",\"url\":\"https:\/\/faaftech.com\/blog\/wp-content\/uploads\/2021\/08\/Logotipo-Faaftech-Fundo-branco-PNG-1024x110-1-1.png\",\"contentUrl\":\"https:\/\/faaftech.com\/blog\/wp-content\/uploads\/2021\/08\/Logotipo-Faaftech-Fundo-branco-PNG-1024x110-1-1.png\",\"width\":447,\"height\":48,\"caption\":\"Faaftech\"},\"image\":{\"@id\":\"https:\/\/faaftech.com\/blog\/#\/schema\/logo\/image\/\"},\"sameAs\":[\"https:\/\/www.facebook.com\/faaftech\",\"https:\/\/www.instagram.com\/faaftech\/\",\"https:\/\/www.youtube.com\/user\/Faaftech\"]},{\"@type\":\"Person\",\"@id\":\"https:\/\/faaftech.com\/blog\/#\/schema\/person\/31fe7ca931c458d2124c67856d077bb8\",\"name\":\"Amanda Cadinelli\",\"image\":{\"@type\":\"ImageObject\",\"inLanguage\":\"pt-BR\",\"@id\":\"https:\/\/faaftech.com\/blog\/#\/schema\/person\/image\/\",\"url\":\"https:\/\/secure.gravatar.com\/avatar\/b36e517df5f7581dfed47be972f1acb4?s=96&d=mm&r=g\",\"contentUrl\":\"https:\/\/secure.gravatar.com\/avatar\/b36e517df5f7581dfed47be972f1acb4?s=96&d=mm&r=g\",\"caption\":\"Amanda Cadinelli\"}}]}<\/script>\n<!-- \/ Yoast SEO plugin. -->","yoast_head_json":{"title":"Central multim\u00eddia para Polo: mais tecnologia para o seu VW","description":"A principal vantagem de instalar uma central multim\u00eddia para Polo \u00e9 perceber que a tecnologia passa a fazer parte da sua rotina.","robots":{"index":"index","follow":"follow","max-snippet":"max-snippet:-1","max-image-preview":"max-image-preview:large","max-video-preview":"max-video-preview:-1"},"canonical":"https:\/\/faaftech.com\/blog\/central-multimidia-para-polo\/","og_locale":"pt_BR","og_type":"article","og_title":"Central multim\u00eddia para Polo: mais tecnologia para o seu VW","og_description":"A principal vantagem de instalar uma central multim\u00eddia para Polo \u00e9 perceber que a tecnologia passa a fazer parte da sua rotina.","og_url":"https:\/\/faaftech.com\/blog\/central-multimidia-para-polo\/","og_site_name":"faaftech.com","article_publisher":"https:\/\/www.facebook.com\/faaftech","article_published_time":"2026-08-27T12:00:00+00:00","article_modified_time":"2026-08-26T12:53:17+00:00","og_image":[{"width":1280,"height":720,"url":"https:\/\/faaftech.com\/blog\/wp-content\/uploads\/2026\/08\/central-multimidia-para-Polo.jpg","type":"image\/jpeg"}],"author":"Amanda Cadinelli","twitter_card":"summary_large_image","twitter_misc":{"Escrito por":"Amanda Cadinelli","Est. tempo de leitura":"8 minutos"},"schema":{"@context":"https:\/\/schema.org","@graph":[{"@type":"Article","@id":"https:\/\/faaftech.com\/blog\/central-multimidia-para-polo\/#article","isPartOf":{"@id":"https:\/\/faaftech.com\/blog\/central-multimidia-para-polo\/"},"author":{"name":"Amanda Cadinelli","@id":"https:\/\/faaftech.com\/blog\/#\/schema\/person\/31fe7ca931c458d2124c67856d077bb8"},"headline":"Como deixar seu Polo mais tecnol\u00f3gico sem trocar de carro","datePublished":"2026-08-27T12:00:00+00:00","dateModified":"2026-08-26T12:53:17+00:00","mainEntityOfPage":{"@id":"https:\/\/faaftech.com\/blog\/central-multimidia-para-polo\/"},"wordCount":1457,"commentCount":0,"publisher":{"@id":"https:\/\/faaftech.com\/blog\/#organization"},"image":{"@id":"https:\/\/faaftech.com\/blog\/central-multimidia-para-polo\/#primaryimage"},"thumbnailUrl":"https:\/\/faaftech.com\/blog\/wp-content\/uploads\/2026\/08\/central-multimidia-para-Polo.jpg","articleSection":["Tecnologia automotiva"],"inLanguage":"pt-BR","potentialAction":[{"@type":"CommentAction","name":"Comment","target":["https:\/\/faaftech.com\/blog\/central-multimidia-para-polo\/#respond"]}]},{"@type":"WebPage","@id":"https:\/\/faaftech.com\/blog\/central-multimidia-para-polo\/","url":"https:\/\/faaftech.com\/blog\/central-multimidia-para-polo\/","name":"Central multim\u00eddia para Polo: mais tecnologia para o seu VW","isPartOf":{"@id":"https:\/\/faaftech.com\/blog\/#website"},"primaryImageOfPage":{"@id":"https:\/\/faaftech.com\/blog\/central-multimidia-para-polo\/#primaryimage"},"image":{"@id":"https:\/\/faaftech.com\/blog\/central-multimidia-para-polo\/#primaryimage"},"thumbnailUrl":"https:\/\/faaftech.com\/blog\/wp-content\/uploads\/2026\/08\/central-multimidia-para-Polo.jpg","datePublished":"2026-08-27T12:00:00+00:00","dateModified":"2026-08-26T12:53:17+00:00","description":"A principal vantagem de instalar uma central multim\u00eddia para Polo \u00e9 perceber que a tecnologia passa a fazer parte da sua rotina.","breadcrumb":{"@id":"https:\/\/faaftech.com\/blog\/central-multimidia-para-polo\/#breadcrumb"},"inLanguage":"pt-BR","potentialAction":[{"@type":"ReadAction","target":["https:\/\/faaftech.com\/blog\/central-multimidia-para-polo\/"]}]},{"@type":"ImageObject","inLanguage":"pt-BR","@id":"https:\/\/faaftech.com\/blog\/central-multimidia-para-polo\/#primaryimage","url":"https:\/\/faaftech.com\/blog\/wp-content\/uploads\/2026\/08\/central-multimidia-para-Polo.jpg","contentUrl":"https:\/\/faaftech.com\/blog\/wp-content\/uploads\/2026\/08\/central-multimidia-para-Polo.jpg","width":1280,"height":720,"caption":"central multim\u00eddia para Polo"},{"@type":"BreadcrumbList","@id":"https:\/\/faaftech.com\/blog\/central-multimidia-para-polo\/#breadcrumb","itemListElement":[{"@type":"ListItem","position":1,"name":"In\u00edcio","item":"https:\/\/faaftech.com\/blog\/"},{"@type":"ListItem","position":2,"name":"Como deixar seu Polo mais tecnol\u00f3gico sem trocar de carro"}]},{"@type":"WebSite","@id":"https:\/\/faaftech.com\/blog\/#website","url":"https:\/\/faaftech.com\/blog\/","name":"Faaftech","description":"Solu\u00e7\u00f5es Automotivas Inteligentes","publisher":{"@id":"https:\/\/faaftech.com\/blog\/#organization"},"potentialAction":[{"@type":"SearchAction","target":{"@type":"EntryPoint","urlTemplate":"https:\/\/faaftech.com\/blog\/?s={search_term_string}"},"query-input":"required name=search_term_string"}],"inLanguage":"pt-BR"},{"@type":"Organization","@id":"https:\/\/faaftech.com\/blog\/#organization","name":"Faaftech","url":"https:\/\/faaftech.com\/blog\/","logo":{"@type":"ImageObject","inLanguage":"pt-BR","@id":"https:\/\/faaftech.com\/blog\/#\/schema\/logo\/image\/","url":"https:\/\/faaftech.com\/blog\/wp-content\/uploads\/2021\/08\/Logotipo-Faaftech-Fundo-branco-PNG-1024x110-1-1.png","contentUrl":"https:\/\/faaftech.com\/blog\/wp-content\/uploads\/2021\/08\/Logotipo-Faaftech-Fundo-branco-PNG-1024x110-1-1.png","width":447,"height":48,"caption":"Faaftech"},"image":{"@id":"https:\/\/faaftech.com\/blog\/#\/schema\/logo\/image\/"},"sameAs":["https:\/\/www.facebook.com\/faaftech","https:\/\/www.instagram.com\/faaftech\/","https:\/\/www.youtube.com\/user\/Faaftech"]},{"@type":"Person","@id":"https:\/\/faaftech.com\/blog\/#\/schema\/person\/31fe7ca931c458d2124c67856d077bb8","name":"Amanda Cadinelli","image":{"@type":"ImageObject","inLanguage":"pt-BR","@id":"https:\/\/faaftech.com\/blog\/#\/schema\/person\/image\/","url":"https:\/\/secure.gravatar.com\/avatar\/b36e517df5f7581dfed47be972f1acb4?s=96&d=mm&r=g","contentUrl":"https:\/\/secure.gravatar.com\/avatar\/b36e517df5f7581dfed47be972f1acb4?s=96&d=mm&r=g","caption":"Amanda Cadinelli"}}]}},"_links":{"self":[{"href":"https:\/\/faaftech.com\/blog\/wp-json\/wp\/v2\/posts\/2085"}],"collection":[{"href":"https:\/\/faaftech.com\/blog\/wp-json\/wp\/v2\/posts"}],"about":[{"href":"https:\/\/faaftech.com\/blog\/wp-json\/wp\/v2\/types\/post"}],"author":[{"embeddable":true,"href":"https:\/\/faaftech.com\/blog\/wp-json\/wp\/v2\/users\/5"}],"replies":[{"embeddable":true,"href":"https:\/\/faaftech.com\/blog\/wp-json\/wp\/v2\/comments?post=2085"}],"version-history":[{"count":1,"href":"https:\/\/faaftech.com\/blog\/wp-json\/wp\/v2\/posts\/2085\/revisions"}],"predecessor-version":[{"id":2087,"href":"https:\/\/faaftech.com\/blog\/wp-json\/wp\/v2\/posts\/2085\/revisions\/2087"}],"wp:featuredmedia":[{"embeddable":true,"href":"https:\/\/faaftech.com\/blog\/wp-json\/wp\/v2\/media\/2086"}],"wp:attachment":[{"href":"https:\/\/faaftech.com\/blog\/wp-json\/wp\/v2\/media?parent=2085"}],"wp:term":[{"taxonomy":"category","embeddable":true,"href":"https:\/\/faaftech.com\/blog\/wp-json\/wp\/v2\/categories?post=2085"},{"taxonomy":"post_tag","embeddable":true,"href":"https:\/\/faaftech.com\/blog\/wp-json\/wp\/v2\/tags?post=2085"}],"curies":[{"name":"wp","href":"https:\/\/api.w.org\/{rel}","templated":true}]}}